{"id":1939,"date":"2023-09-15T01:03:01","date_gmt":"2023-09-15T05:03:01","guid":{"rendered":"https:\/\/jiafoundationmtl.org\/lancement-du-rapport-de-liris-quel-modele-de-developpement-pour-le-quartier-chinois-de-montreal\/"},"modified":"2023-09-15T01:11:41","modified_gmt":"2023-09-15T05:11:41","slug":"lancement-du-rapport-de-liris-quel-modele-de-developpement-pour-le-quartier-chinois-de-montreal","status":"publish","type":"post","link":"https:\/\/jiafoundationmtl.org\/fr\/lancement-du-rapport-de-liris-quel-modele-de-developpement-pour-le-quartier-chinois-de-montreal\/","title":{"rendered":"Lancement du rapport de l&rsquo;IRIS &#8211; \u00ab Quel mod\u00e8le de d\u00e9veloppement pour le Quartier chinois de Montr\u00e9al? \u00bb"},"content":{"rendered":"\n<p><strong>Le d\u00e9veloppement du Quartier chinois de Montr\u00e9al: un rempart \u00e0 la crise du logement \u00e0 Montr\u00e9al<\/strong><\/p>\n\n<p>Dans les derni\u00e8res d\u00e9cennies, plusieurs quartiers chinois d\u2019Am\u00e9rique du Nord ont disparu, aval\u00e9s par des vagues de sp\u00e9culation immobili\u00e8re et des grands projets d\u2019infrastructures publiques. Les Quartiers chinois dont la sp\u00e9cificit\u00e9 historique et culturelle a pu survivre sont ceux qui ont mis\u00e9 sur des formes collectives et communautaires de propri\u00e9t\u00e9 fonci\u00e8re, pour mieux prot\u00e9ger le patrimoine tangible et intangible des Quartiers, fragilis\u00e9s par leur localisation urbaine centrale.<\/p>\n\n<p>Les r\u00e9centes protection patrimoniale et abaissement des hauteurs constructibles sont un premier pas pour prot\u00e9ger le quartier de la sp\u00e9culation immobili\u00e8re, mais ces mesures doivent \u00eatre accompagn\u00e9es d\u2019investissements publics pour sortir davantage d\u2019immeubles du march\u00e9 priv\u00e9 ainsi que de soutenir la modernisation des infrastructures communautaires vieillissantes existantes. <\/p>\n\n<p>Le parc immobilier du Quartier chinois de Montr\u00e9al est en partie organis\u00e9 sous la forme de l\u2019\u00e9conomie sociale. Il compte \u00e0 lui seul 10 immeubles \u00e0 vocation associative et communautaire, qui offrent des espaces de rencontre \u00e0 la communaut\u00e9, en plus de rendre disponibles des locaux commerciaux et des loyers r\u00e9sidentiels abordables.<\/p>\n\n<p>\u00ab Suite \u00e0 la classification d&rsquo;une partie du quartier chinois comme site patrimonial en juillet 2023, il faut valoriser les moteurs \u00e9conomiques et culturels d\u00e9j\u00e0 pr\u00e9sents au Quartier. Depuis plusieurs ann\u00e9es, le mouvement pour la pr\u00e9servation du quartier chinois de Montr\u00e9al s\u2019inqui\u00e8te de la gentrification sauvage du quartier. Le Quartier chinois est un des derniers endroits du centre-ville o\u00f9 il est encore possible de se loger et vivre de fa\u00e7on abordable. \u00bb, affirme May Chiu, coordinatrice de la Table ronde du quartier chinois de Montr\u00e9al.<\/p>\n\n<p>L\u2019\u00e9tude intitul\u00e9e \u00ab Quel mod\u00e8le de d\u00e9veloppement pour le Quartier chinois de Montr\u00e9al? Analyse socio\u00e9conomique d\u2019un quartier \u00e0 la crois\u00e9e des chemins \u00bb a \u00e9t\u00e9 r\u00e9alis\u00e9e par l\u2019Institut de recherche et d\u2019informations socio\u00e9conomiques (IRIS). Aujourd\u2019hui, la communaut\u00e9 doit faire face \u00e0 un relent de racisme anti-asiatique, et un quartier chinois bien vivant repr\u00e9sente un atout inestimable pour lutter contre l\u2019ignorance et les pr\u00e9jug\u00e9s.<\/p>\n\n<div class=\"wp-block-stackable-button-group stk-block-button-group stk-block stk-7eb78ba\" data-block-id=\"7eb78ba\"><div class=\"stk-row stk-inner-blocks stk-block-content stk-button-group\">\n<div class=\"wp-block-stackable-button stk-block-button stk-block stk-f842eab\" data-block-id=\"f842eab\"><a class=\"stk-link stk-button stk--hover-effect-darken\" href=\"https:\/\/iris-recherche.qc.ca\/wp-content\/uploads\/2023\/05\/Quartier-chinois-20230517-WEB.pdf\" target=\"_blank\" rel=\"noreferrer noopener\"><span class=\"stk-button__inner-text\">T\u00c9L\u00c9CHARGER L&rsquo;\u00c9TUDE<\/span><\/a><\/div>\n<\/div><\/div>\n","protected":false},"excerpt":{"rendered":"<p>Le d\u00e9veloppement du Quartier chinois de Montr\u00e9al: un rempart \u00e0 la crise du logement \u00e0 Montr\u00e9al Dans les derni\u00e8res d\u00e9cennies, plusieurs quartiers chinois d\u2019Am\u00e9rique du Nord ont disparu, aval\u00e9s par [&hellip;]<\/p>\n","protected":false},"author":2,"featured_media":1935,"comment_status":"closed","ping_status":"open","sticky":false,"template":"","format":"standard","meta":{"_EventAllDay":false,"_EventTimezone":"","_EventStartDate":"","_EventEndDate":"","_EventStartDateUTC":"","_EventEndDateUTC":"","_EventShowMap":false,"_EventShowMapLink":false,"_EventURL":"","_EventCost":"","_EventCostDescription":"","_EventCurrencySymbol":"","_EventCurrencyCode":"","_EventCurrencyPosition":"","_EventDateTimeSeparator":"","_EventTimeRangeSeparator":"","_EventOrganizerID":[],"_EventVenueID":[],"_OrganizerEmail":"","_OrganizerPhone":"","_OrganizerWebsite":"","_VenueAddress":"","_VenueCity":"","_VenueCountry":"","_VenueProvince":"","_VenueState":"","_VenueZip":"","_VenuePhone":"","_VenueURL":"","_VenueStateProvince":"","_VenueLat":"","_VenueLng":"","_VenueShowMap":false,"_VenueShowMapLink":false,"_themeisle_gutenberg_block_has_review":false,"footnotes":""},"categories":[35],"tags":[],"class_list":["post-1939","post","type-post","status-publish","format-standard","has-post-thumbnail","hentry","category-nouvelles"],"blocksy_meta":[],"featured_image_urls_v2":{"full":["https:\/\/jiafoundationmtl.org\/wp-content\/uploads\/iris-report.png",819,413,false],"thumbnail":["https:\/\/jiafoundationmtl.org\/wp-content\/uploads\/iris-report-150x150.png",150,150,true],"medium":["https:\/\/jiafoundationmtl.org\/wp-content\/uploads\/iris-report-300x151.png",300,151,true],"medium_large":["https:\/\/jiafoundationmtl.org\/wp-content\/uploads\/iris-report-768x387.png",768,387,true],"large":["https:\/\/jiafoundationmtl.org\/wp-content\/uploads\/iris-report.png",819,413,false],"1536x1536":["https:\/\/jiafoundationmtl.org\/wp-content\/uploads\/iris-report.png",819,413,false],"2048x2048":["https:\/\/jiafoundationmtl.org\/wp-content\/uploads\/iris-report.png",819,413,false],"qi_blocks_image_size_square":["https:\/\/jiafoundationmtl.org\/wp-content\/uploads\/iris-report.png",650,328,false],"qi_blocks_image_size_landscape":["https:\/\/jiafoundationmtl.org\/wp-content\/uploads\/iris-report.png",819,413,false],"qi_blocks_image_size_portrait":["https:\/\/jiafoundationmtl.org\/wp-content\/uploads\/iris-report.png",650,328,false],"qi_blocks_image_size_huge_square":["https:\/\/jiafoundationmtl.org\/wp-content\/uploads\/iris-report.png",819,413,false]},"post_excerpt_stackable_v2":"<p>Le d\u00e9veloppement du Quartier chinois de Montr\u00e9al: un rempart \u00e0 la crise du logement \u00e0 Montr\u00e9al Dans les derni\u00e8res d\u00e9cennies, plusieurs quartiers chinois d\u2019Am\u00e9rique du Nord ont disparu, aval\u00e9s par des vagues de sp\u00e9culation immobili\u00e8re et des grands projets d\u2019infrastructures publiques. Les Quartiers chinois dont la sp\u00e9cificit\u00e9 historique et culturelle a pu survivre sont ceux qui ont mis\u00e9 sur des formes collectives et communautaires de propri\u00e9t\u00e9 fonci\u00e8re, pour mieux prot\u00e9ger le patrimoine tangible et intangible des Quartiers, fragilis\u00e9s par leur localisation urbaine centrale. Les r\u00e9centes protection patrimoniale et abaissement des hauteurs constructibles sont un premier pas pour prot\u00e9ger le quartier\u2026<\/p>\n","category_list_v2":"<a href=\"https:\/\/jiafoundationmtl.org\/fr\/category\/nouvelles\/\" rel=\"category tag\">NOUVELLES<\/a>","author_info_v2":{"name":"JIA FOUNDATION","url":"https:\/\/jiafoundationmtl.org\/fr\/author\/jia\/"},"comments_num_v2":"0 commentaire","_links":{"self":[{"href":"https:\/\/jiafoundationmtl.org\/fr\/wp-json\/wp\/v2\/posts\/1939","targetHints":{"allow":["GET"]}}],"collection":[{"href":"https:\/\/jiafoundationmtl.org\/fr\/wp-json\/wp\/v2\/posts"}],"about":[{"href":"https:\/\/jiafoundationmtl.org\/fr\/wp-json\/wp\/v2\/types\/post"}],"author":[{"embeddable":true,"href":"https:\/\/jiafoundationmtl.org\/fr\/wp-json\/wp\/v2\/users\/2"}],"replies":[{"embeddable":true,"href":"https:\/\/jiafoundationmtl.org\/fr\/wp-json\/wp\/v2\/comments?post=1939"}],"version-history":[{"count":1,"href":"https:\/\/jiafoundationmtl.org\/fr\/wp-json\/wp\/v2\/posts\/1939\/revisions"}],"predecessor-version":[{"id":1940,"href":"https:\/\/jiafoundationmtl.org\/fr\/wp-json\/wp\/v2\/posts\/1939\/revisions\/1940"}],"wp:featuredmedia":[{"embeddable":true,"href":"https:\/\/jiafoundationmtl.org\/fr\/wp-json\/wp\/v2\/media\/1935"}],"wp:attachment":[{"href":"https:\/\/jiafoundationmtl.org\/fr\/wp-json\/wp\/v2\/media?parent=1939"}],"wp:term":[{"taxonomy":"category","embeddable":true,"href":"https:\/\/jiafoundationmtl.org\/fr\/wp-json\/wp\/v2\/categories?post=1939"},{"taxonomy":"post_tag","embeddable":true,"href":"https:\/\/jiafoundationmtl.org\/fr\/wp-json\/wp\/v2\/tags?post=1939"}],"curies":[{"name":"wp","href":"https:\/\/api.w.org\/{rel}","templated":true}]}}